{"id":2064,"date":"2026-03-14T14:09:55","date_gmt":"2026-03-14T13:09:55","guid":{"rendered":"https:\/\/www.klima-und-alltag.de\/?p=2064"},"modified":"2026-03-14T14:09:56","modified_gmt":"2026-03-14T13:09:56","slug":"exkursion-ins-rhinluch-moorwirtschaft-und-naturschutz-in-linum-erleben","status":"publish","type":"post","link":"https:\/\/www.klima-und-alltag.de\/?p=2064","title":{"rendered":"Exkursion ins Rhinluch: Moorwirtschaft und Naturschutz in Linum erleben"},"content":{"rendered":"\n<p>Der Verein <strong>Klima und Alltag e.V.<\/strong> und der <strong>NABU-Kreisverband Neuruppin<\/strong> laden am <strong>Samstag, 18. April 2026<\/strong>, zu einer naturkundlichen Exkursion ins Rhinluch und nach Linum ein. Treffpunkt ist um <strong>13.45 Uhr n\u00f6rdlich der Schleuse Hakenberg<\/strong>.<\/p>\n\n\n\n<p>Unter dem Titel <strong>\u201eMoor and more: Leben und Wirtschaften im Rhinluch\u201c<\/strong> stellen Juliane und Sebastian Petri von der Moorgr\u00fcn GmbH und dem Moorhofer Gr\u00fcnlandhof nachhaltige Nutzungsm\u00f6glichkeiten von Moorlandschaften vor.<\/p>\n\n\n\n<p>Anschlie\u00dfend f\u00fchrt die Exkursion zum <strong>Artenkompetenzzentrum Linum<\/strong> in Fehrbellin. Dort spricht <strong>Dr. Norbert Schneewei\u00df<\/strong> vom Landesamt f\u00fcr Umwelt \u00fcber den landesweiten Schutz von Amphibien und Reptilien.<\/p>\n\n\n\n<p>Die Veranstaltung endet gegen <strong>18.15 Uhr<\/strong>. Wer m\u00f6chte, kann den Tag anschlie\u00dfend bei einem gemeinsamen Ausklang in der <strong>Storchenklause Linum<\/strong> fortsetzen.<\/p>\n\n\n\n<p>Die Exkursion findet im Freien statt. Wetter- und landschaftsangepasste Kleidung wird empfohlen, ebenso Fahrgemeinschaften.<\/p>\n\n\n\n<p><strong>Anmeldung bis 16. April 2026<\/strong> unter: <a>pronatur@posteo.de<\/a> (bitte Namen angeben und optional Platzreservierung in der Storchenklause).<\/p>\n","protected":false},"excerpt":{"rendered":"<p>Der Verein Klima und Alltag e.V. und der NABU-Kreisverband Neuruppin laden am 18. April 2026 zu einer Exkursion ins Rhinluch und zum Artenkompetenzzentrum Linum ein.<\/p>\n","protected":false},"author":4,"featured_media":2065,"comment_status":"closed","ping_status":"closed","sticky":false,"template":"","format":"standard","meta":{"pgc_sgb_lightbox_settings":"","footnotes":""},"categories":[1],"tags":[],"class_list":["post-2064","post","type-post","status-publish","format-standard","has-post-thumbnail","hentry","category-allgemein"],"yoast_head":"<!-- This site is optimized with the Yoast SEO plugin v27.3 - https:\/\/yoast.com\/product\/yoast-seo-wordpress\/ -->\n<title>Exkursion ins Rhinluch: Moorwirtschaft und Naturschutz in Linum erleben - Klima und Alltag<\/title>\n<meta name=\"robots\" content=\"index, follow, max-snippet:-1, max-image-preview:large, max-video-preview:-1\" \/>\n<link rel=\"canonical\" href=\"https:\/\/www.klima-und-alltag.de\/?p=2064\" \/>\n<meta property=\"og:locale\" content=\"de_DE\" \/>\n<meta property=\"og:type\" content=\"article\" \/>\n<meta property=\"og:title\" content=\"Exkursion ins Rhinluch: Moorwirtschaft und Naturschutz in Linum erleben - Klima und Alltag\" \/>\n<meta property=\"og:description\" content=\"Der Verein Klima und Alltag e.V. und der NABU-Kreisverband Neuruppin laden am 18. April 2026 zu einer Exkursion ins Rhinluch und zum Artenkompetenzzentrum Linum ein.\" \/>\n<meta property=\"og:url\" content=\"https:\/\/www.klima-und-alltag.de\/?p=2064\" \/>\n<meta property=\"og:site_name\" content=\"Klima und Alltag\" \/>\n<meta property=\"article:published_time\" content=\"2026-03-14T13:09:55+00:00\" \/>\n<meta property=\"article:modified_time\" content=\"2026-03-14T13:09:56+00:00\" \/>\n<meta property=\"og:image\" content=\"https:\/\/www.klima-und-alltag.de\/wp-content\/uploads\/2026\/03\/3840px-Oberes_Rhinluch_2020-05-15_01.jpg\" \/>\n\t<meta property=\"og:image:width\" content=\"1920\" \/>\n\t<meta property=\"og:image:height\" content=\"1281\" \/>\n\t<meta property=\"og:image:type\" content=\"image\/jpeg\" \/>\n<meta name=\"author\" content=\"Martin Cron\" \/>\n<meta name=\"twitter:card\" content=\"summary_large_image\" \/>\n<meta name=\"twitter:label1\" content=\"Verfasst von\" \/>\n\t<meta name=\"twitter:data1\" content=\"Martin Cron\" \/>\n\t<meta name=\"twitter:label2\" content=\"Gesch\u00e4tzte Lesezeit\" \/>\n\t<meta name=\"twitter:data2\" content=\"1\u00a0Minute\" \/>\n<script type=\"application\/ld+json\" class=\"yoast-schema-graph\">{\"@context\":\"https:\\\/\\\/schema.org\",\"@graph\":[{\"@type\":\"Article\",\"@id\":\"https:\\\/\\\/www.klima-und-alltag.de\\\/?p=2064#article\",\"isPartOf\":{\"@id\":\"https:\\\/\\\/www.klima-und-alltag.de\\\/?p=2064\"},\"author\":{\"name\":\"Martin Cron\",\"@id\":\"https:\\\/\\\/www.klima-und-alltag.de\\\/#\\\/schema\\\/person\\\/15781550ef61d94ab0062924b596c1fc\"},\"headline\":\"Exkursion ins Rhinluch: Moorwirtschaft und Naturschutz in Linum erleben\",\"datePublished\":\"2026-03-14T13:09:55+00:00\",\"dateModified\":\"2026-03-14T13:09:56+00:00\",\"mainEntityOfPage\":{\"@id\":\"https:\\\/\\\/www.klima-und-alltag.de\\\/?p=2064\"},\"wordCount\":156,\"publisher\":{\"@id\":\"https:\\\/\\\/www.klima-und-alltag.de\\\/#organization\"},\"image\":{\"@id\":\"https:\\\/\\\/www.klima-und-alltag.de\\\/?p=2064#primaryimage\"},\"thumbnailUrl\":\"https:\\\/\\\/www.klima-und-alltag.de\\\/wp-content\\\/uploads\\\/2026\\\/03\\\/3840px-Oberes_Rhinluch_2020-05-15_01.jpg\",\"inLanguage\":\"de\"},{\"@type\":\"WebPage\",\"@id\":\"https:\\\/\\\/www.klima-und-alltag.de\\\/?p=2064\",\"url\":\"https:\\\/\\\/www.klima-und-alltag.de\\\/?p=2064\",\"name\":\"Exkursion ins Rhinluch: Moorwirtschaft und Naturschutz in Linum erleben - Klima und Alltag\",\"isPartOf\":{\"@id\":\"https:\\\/\\\/www.klima-und-alltag.de\\\/#website\"},\"primaryImageOfPage\":{\"@id\":\"https:\\\/\\\/www.klima-und-alltag.de\\\/?p=2064#primaryimage\"},\"image\":{\"@id\":\"https:\\\/\\\/www.klima-und-alltag.de\\\/?p=2064#primaryimage\"},\"thumbnailUrl\":\"https:\\\/\\\/www.klima-und-alltag.de\\\/wp-content\\\/uploads\\\/2026\\\/03\\\/3840px-Oberes_Rhinluch_2020-05-15_01.jpg\",\"datePublished\":\"2026-03-14T13:09:55+00:00\",\"dateModified\":\"2026-03-14T13:09:56+00:00\",\"breadcrumb\":{\"@id\":\"https:\\\/\\\/www.klima-und-alltag.de\\\/?p=2064#breadcrumb\"},\"inLanguage\":\"de\",\"potentialAction\":[{\"@type\":\"ReadAction\",\"target\":[\"https:\\\/\\\/www.klima-und-alltag.de\\\/?p=2064\"]}]},{\"@type\":\"ImageObject\",\"inLanguage\":\"de\",\"@id\":\"https:\\\/\\\/www.klima-und-alltag.de\\\/?p=2064#primaryimage\",\"url\":\"https:\\\/\\\/www.klima-und-alltag.de\\\/wp-content\\\/uploads\\\/2026\\\/03\\\/3840px-Oberes_Rhinluch_2020-05-15_01.jpg\",\"contentUrl\":\"https:\\\/\\\/www.klima-und-alltag.de\\\/wp-content\\\/uploads\\\/2026\\\/03\\\/3840px-Oberes_Rhinluch_2020-05-15_01.jpg\",\"width\":1920,\"height\":1281,\"caption\":\"Leonhard Lenz, CC0, via Wikimedia Commons\"},{\"@type\":\"BreadcrumbList\",\"@id\":\"https:\\\/\\\/www.klima-und-alltag.de\\\/?p=2064#breadcrumb\",\"itemListElement\":[{\"@type\":\"ListItem\",\"position\":1,\"name\":\"Startseite\",\"item\":\"https:\\\/\\\/www.klima-und-alltag.de\\\/\"},{\"@type\":\"ListItem\",\"position\":2,\"name\":\"Exkursion ins Rhinluch: Moorwirtschaft und Naturschutz in Linum erleben\"}]},{\"@type\":\"WebSite\",\"@id\":\"https:\\\/\\\/www.klima-und-alltag.de\\\/#website\",\"url\":\"https:\\\/\\\/www.klima-und-alltag.de\\\/\",\"name\":\"Klima und Alltag\",\"description\":\"gemeinsam - handeln - jetzt\",\"publisher\":{\"@id\":\"https:\\\/\\\/www.klima-und-alltag.de\\\/#organization\"},\"alternateName\":\"Klima und Alltag e.V. Neuruppin\",\"potentialAction\":[{\"@type\":\"SearchAction\",\"target\":{\"@type\":\"EntryPoint\",\"urlTemplate\":\"https:\\\/\\\/www.klima-und-alltag.de\\\/?s={search_term_string}\"},\"query-input\":{\"@type\":\"PropertyValueSpecification\",\"valueRequired\":true,\"valueName\":\"search_term_string\"}}],\"inLanguage\":\"de\"},{\"@type\":\"Organization\",\"@id\":\"https:\\\/\\\/www.klima-und-alltag.de\\\/#organization\",\"name\":\"Klima und Alltag e.V. Neuruppin\",\"url\":\"https:\\\/\\\/www.klima-und-alltag.de\\\/\",\"logo\":{\"@type\":\"ImageObject\",\"inLanguage\":\"de\",\"@id\":\"https:\\\/\\\/www.klima-und-alltag.de\\\/#\\\/schema\\\/logo\\\/image\\\/\",\"url\":\"https:\\\/\\\/www.klima-und-alltag.de\\\/wp-content\\\/uploads\\\/2023\\\/10\\\/cropped-cropped-231012-Logo-Klima-und-Alltag_ohne-Text_150-px.png\",\"contentUrl\":\"https:\\\/\\\/www.klima-und-alltag.de\\\/wp-content\\\/uploads\\\/2023\\\/10\\\/cropped-cropped-231012-Logo-Klima-und-Alltag_ohne-Text_150-px.png\",\"width\":281,\"height\":143,\"caption\":\"Klima und Alltag e.V. Neuruppin\"},\"image\":{\"@id\":\"https:\\\/\\\/www.klima-und-alltag.de\\\/#\\\/schema\\\/logo\\\/image\\\/\"}},{\"@type\":\"Person\",\"@id\":\"https:\\\/\\\/www.klima-und-alltag.de\\\/#\\\/schema\\\/person\\\/15781550ef61d94ab0062924b596c1fc\",\"name\":\"Martin Cron\",\"image\":{\"@type\":\"ImageObject\",\"inLanguage\":\"de\",\"@id\":\"https:\\\/\\\/secure.gravatar.com\\\/avatar\\\/dd120c96e5a9d3b2df7549c5b78f47b6aa317b25d26eb83377f3e44959627217?s=96&d=mm&r=g\",\"url\":\"https:\\\/\\\/secure.gravatar.com\\\/avatar\\\/dd120c96e5a9d3b2df7549c5b78f47b6aa317b25d26eb83377f3e44959627217?s=96&d=mm&r=g\",\"contentUrl\":\"https:\\\/\\\/secure.gravatar.com\\\/avatar\\\/dd120c96e5a9d3b2df7549c5b78f47b6aa317b25d26eb83377f3e44959627217?s=96&d=mm&r=g\",\"caption\":\"Martin Cron\"},\"url\":\"https:\\\/\\\/www.klima-und-alltag.de\\\/?author=4\"}]}<\/script>\n<!-- \/ Yoast SEO plugin. -->","yoast_head_json":{"title":"Exkursion ins Rhinluch: Moorwirtschaft und Naturschutz in Linum erleben - Klima und Alltag","robots":{"index":"index","follow":"follow","max-snippet":"max-snippet:-1","max-image-preview":"max-image-preview:large","max-video-preview":"max-video-preview:-1"},"canonical":"https:\/\/www.klima-und-alltag.de\/?p=2064","og_locale":"de_DE","og_type":"article","og_title":"Exkursion ins Rhinluch: Moorwirtschaft und Naturschutz in Linum erleben - Klima und Alltag","og_description":"Der Verein Klima und Alltag e.V. und der NABU-Kreisverband Neuruppin laden am 18. April 2026 zu einer Exkursion ins Rhinluch und zum Artenkompetenzzentrum Linum ein.","og_url":"https:\/\/www.klima-und-alltag.de\/?p=2064","og_site_name":"Klima und Alltag","article_published_time":"2026-03-14T13:09:55+00:00","article_modified_time":"2026-03-14T13:09:56+00:00","og_image":[{"width":1920,"height":1281,"url":"https:\/\/www.klima-und-alltag.de\/wp-content\/uploads\/2026\/03\/3840px-Oberes_Rhinluch_2020-05-15_01.jpg","type":"image\/jpeg"}],"author":"Martin Cron","twitter_card":"summary_large_image","twitter_misc":{"Verfasst von":"Martin Cron","Gesch\u00e4tzte Lesezeit":"1\u00a0Minute"},"schema":{"@context":"https:\/\/schema.org","@graph":[{"@type":"Article","@id":"https:\/\/www.klima-und-alltag.de\/?p=2064#article","isPartOf":{"@id":"https:\/\/www.klima-und-alltag.de\/?p=2064"},"author":{"name":"Martin Cron","@id":"https:\/\/www.klima-und-alltag.de\/#\/schema\/person\/15781550ef61d94ab0062924b596c1fc"},"headline":"Exkursion ins Rhinluch: Moorwirtschaft und Naturschutz in Linum erleben","datePublished":"2026-03-14T13:09:55+00:00","dateModified":"2026-03-14T13:09:56+00:00","mainEntityOfPage":{"@id":"https:\/\/www.klima-und-alltag.de\/?p=2064"},"wordCount":156,"publisher":{"@id":"https:\/\/www.klima-und-alltag.de\/#organization"},"image":{"@id":"https:\/\/www.klima-und-alltag.de\/?p=2064#primaryimage"},"thumbnailUrl":"https:\/\/www.klima-und-alltag.de\/wp-content\/uploads\/2026\/03\/3840px-Oberes_Rhinluch_2020-05-15_01.jpg","inLanguage":"de"},{"@type":"WebPage","@id":"https:\/\/www.klima-und-alltag.de\/?p=2064","url":"https:\/\/www.klima-und-alltag.de\/?p=2064","name":"Exkursion ins Rhinluch: Moorwirtschaft und Naturschutz in Linum erleben - Klima und Alltag","isPartOf":{"@id":"https:\/\/www.klima-und-alltag.de\/#website"},"primaryImageOfPage":{"@id":"https:\/\/www.klima-und-alltag.de\/?p=2064#primaryimage"},"image":{"@id":"https:\/\/www.klima-und-alltag.de\/?p=2064#primaryimage"},"thumbnailUrl":"https:\/\/www.klima-und-alltag.de\/wp-content\/uploads\/2026\/03\/3840px-Oberes_Rhinluch_2020-05-15_01.jpg","datePublished":"2026-03-14T13:09:55+00:00","dateModified":"2026-03-14T13:09:56+00:00","breadcrumb":{"@id":"https:\/\/www.klima-und-alltag.de\/?p=2064#breadcrumb"},"inLanguage":"de","potentialAction":[{"@type":"ReadAction","target":["https:\/\/www.klima-und-alltag.de\/?p=2064"]}]},{"@type":"ImageObject","inLanguage":"de","@id":"https:\/\/www.klima-und-alltag.de\/?p=2064#primaryimage","url":"https:\/\/www.klima-und-alltag.de\/wp-content\/uploads\/2026\/03\/3840px-Oberes_Rhinluch_2020-05-15_01.jpg","contentUrl":"https:\/\/www.klima-und-alltag.de\/wp-content\/uploads\/2026\/03\/3840px-Oberes_Rhinluch_2020-05-15_01.jpg","width":1920,"height":1281,"caption":"Leonhard Lenz, CC0, via Wikimedia Commons"},{"@type":"BreadcrumbList","@id":"https:\/\/www.klima-und-alltag.de\/?p=2064#breadcrumb","itemListElement":[{"@type":"ListItem","position":1,"name":"Startseite","item":"https:\/\/www.klima-und-alltag.de\/"},{"@type":"ListItem","position":2,"name":"Exkursion ins Rhinluch: Moorwirtschaft und Naturschutz in Linum erleben"}]},{"@type":"WebSite","@id":"https:\/\/www.klima-und-alltag.de\/#website","url":"https:\/\/www.klima-und-alltag.de\/","name":"Klima und Alltag","description":"gemeinsam - handeln - jetzt","publisher":{"@id":"https:\/\/www.klima-und-alltag.de\/#organization"},"alternateName":"Klima und Alltag e.V. Neuruppin","potentialAction":[{"@type":"SearchAction","target":{"@type":"EntryPoint","urlTemplate":"https:\/\/www.klima-und-alltag.de\/?s={search_term_string}"},"query-input":{"@type":"PropertyValueSpecification","valueRequired":true,"valueName":"search_term_string"}}],"inLanguage":"de"},{"@type":"Organization","@id":"https:\/\/www.klima-und-alltag.de\/#organization","name":"Klima und Alltag e.V. Neuruppin","url":"https:\/\/www.klima-und-alltag.de\/","logo":{"@type":"ImageObject","inLanguage":"de","@id":"https:\/\/www.klima-und-alltag.de\/#\/schema\/logo\/image\/","url":"https:\/\/www.klima-und-alltag.de\/wp-content\/uploads\/2023\/10\/cropped-cropped-231012-Logo-Klima-und-Alltag_ohne-Text_150-px.png","contentUrl":"https:\/\/www.klima-und-alltag.de\/wp-content\/uploads\/2023\/10\/cropped-cropped-231012-Logo-Klima-und-Alltag_ohne-Text_150-px.png","width":281,"height":143,"caption":"Klima und Alltag e.V. Neuruppin"},"image":{"@id":"https:\/\/www.klima-und-alltag.de\/#\/schema\/logo\/image\/"}},{"@type":"Person","@id":"https:\/\/www.klima-und-alltag.de\/#\/schema\/person\/15781550ef61d94ab0062924b596c1fc","name":"Martin Cron","image":{"@type":"ImageObject","inLanguage":"de","@id":"https:\/\/secure.gravatar.com\/avatar\/dd120c96e5a9d3b2df7549c5b78f47b6aa317b25d26eb83377f3e44959627217?s=96&d=mm&r=g","url":"https:\/\/secure.gravatar.com\/avatar\/dd120c96e5a9d3b2df7549c5b78f47b6aa317b25d26eb83377f3e44959627217?s=96&d=mm&r=g","contentUrl":"https:\/\/secure.gravatar.com\/avatar\/dd120c96e5a9d3b2df7549c5b78f47b6aa317b25d26eb83377f3e44959627217?s=96&d=mm&r=g","caption":"Martin Cron"},"url":"https:\/\/www.klima-und-alltag.de\/?author=4"}]}},"_links":{"self":[{"href":"https:\/\/www.klima-und-alltag.de\/index.php?rest_route=\/wp\/v2\/posts\/2064","targetHints":{"allow":["GET"]}}],"collection":[{"href":"https:\/\/www.klima-und-alltag.de\/index.php?rest_route=\/wp\/v2\/posts"}],"about":[{"href":"https:\/\/www.klima-und-alltag.de\/index.php?rest_route=\/wp\/v2\/types\/post"}],"author":[{"embeddable":true,"href":"https:\/\/www.klima-und-alltag.de\/index.php?rest_route=\/wp\/v2\/users\/4"}],"replies":[{"embeddable":true,"href":"https:\/\/www.klima-und-alltag.de\/index.php?rest_route=%2Fwp%2Fv2%2Fcomments&post=2064"}],"version-history":[{"count":1,"href":"https:\/\/www.klima-und-alltag.de\/index.php?rest_route=\/wp\/v2\/posts\/2064\/revisions"}],"predecessor-version":[{"id":2066,"href":"https:\/\/www.klima-und-alltag.de\/index.php?rest_route=\/wp\/v2\/posts\/2064\/revisions\/2066"}],"wp:featuredmedia":[{"embeddable":true,"href":"https:\/\/www.klima-und-alltag.de\/index.php?rest_route=\/wp\/v2\/media\/2065"}],"wp:attachment":[{"href":"https:\/\/www.klima-und-alltag.de\/index.php?rest_route=%2Fwp%2Fv2%2Fmedia&parent=2064"}],"wp:term":[{"taxonomy":"category","embeddable":true,"href":"https:\/\/www.klima-und-alltag.de\/index.php?rest_route=%2Fwp%2Fv2%2Fcategories&post=2064"},{"taxonomy":"post_tag","embeddable":true,"href":"https:\/\/www.klima-und-alltag.de\/index.php?rest_route=%2Fwp%2Fv2%2Ftags&post=2064"}],"curies":[{"name":"wp","href":"https:\/\/api.w.org\/{rel}","templated":true}]}}